{"id":701,"date":"2010-07-28T08:06:28","date_gmt":"2010-07-28T07:06:28","guid":{"rendered":"http:\/\/www.libertemh3.fr\/?p=701"},"modified":"2010-07-28T08:06:28","modified_gmt":"2010-07-28T07:06:28","slug":"le-grand-ascenseur-du-28-modernise","status":"publish","type":"post","link":"https:\/\/www.libertemh3.fr\/?p=701","title":{"rendered":"LE GRAND ASCENSEUR DU 28 MODERNISE"},"content":{"rendered":"<p>Enfin le tout premier ascenseur modernis\u00e9 <strong>op\u00e9rationnel<\/strong>.<\/p>\n<p>Le <strong>grand<\/strong> ascenseur du <strong>28<\/strong> a \u00e9t\u00e9 mis en route.<\/p>\n<p>Qu&#8217;est-ce qui change ?<\/p>\n<ul>\n<li><strong>Afficheurs<\/strong> \u00e0 chaque \u00e9tage du <strong>sens<\/strong> de d\u00e9part de l\u2019ascenseur et de <span style=\"text-decoration: underline;\">l\u2019\u00e9tage o\u00f9 il se situe<\/span>.<\/li>\n<li>Bouton d\u2019acc\u00e8s sp\u00e9cifique au <strong>parking<\/strong>. (uniquement au 28, 36 et 38)<\/li>\n<li><strong>S\u00e9curit\u00e9 porte<\/strong> : <span style=\"text-decoration: underline;\">d\u00e9tection sur toute la hauteur<\/span> d\u2019un obstacle, plus besoin d\u2019une pression contre la porte pour bloquer la porte.<\/li>\n<li><strong>Habillage<\/strong> des cabines : plus r\u00e9sistant, plus moderne.<\/li>\n<li>Conformit\u00e9 normes <strong>handicap\u00e9s<\/strong> (hauteur boutons, annonce sonore).<\/li>\n<li><strong>Motorisation<\/strong> : plus silencieuse, moindre consommation.<\/li>\n<li><strong>Affichage<\/strong> commun Acri \/ Conseil syndical \/ R\u00e9gisseur (bient\u00f4t)<\/li>\n<\/ul>\n<p>Tr\u00e8s bient\u00f4t le 30 (petit)\u00a0et 34 (grand) seront livr\u00e9s.<\/p>\n<p>L&#8217;ascenseur en photos :<\/p>\n<p><a href=\"https:\/\/www.libertemh3.fr\/wp-content\/uploads\/2010\/07\/PHOTOS-ascenseur-28-001.jpg\"><img loading=\"lazy\" decoding=\"async\" class=\"alignnone size-medium wp-image-702\" title=\"PHOTOS ascenseur - 28 001\" src=\"https:\/\/www.libertemh3.fr\/wp-content\/uploads\/2010\/07\/PHOTOS-ascenseur-28-001-225x300.jpg\" alt=\"\" width=\"225\" height=\"300\" srcset=\"https:\/\/www.libertemh3.fr\/wp-content\/uploads\/2010\/07\/PHOTOS-ascenseur-28-001-225x300.jpg 225w, https:\/\/www.libertemh3.fr\/wp-content\/uploads\/2010\/07\/PHOTOS-ascenseur-28-001.jpg 576w\" sizes=\"auto, (max-width: 225px) 100vw, 225px\" \/><\/a>\u00a0<a href=\"https:\/\/www.libertemh3.fr\/wp-content\/uploads\/2010\/07\/PHOTOS-ascenseur-28-002.jpg\"><img loading=\"lazy\" decoding=\"async\" class=\"alignnone size-medium wp-image-703\" title=\"PHOTOS ascenseur - 28 002\" src=\"https:\/\/www.libertemh3.fr\/wp-content\/uploads\/2010\/07\/PHOTOS-ascenseur-28-002-225x300.jpg\" alt=\"\" width=\"225\" height=\"300\" srcset=\"https:\/\/www.libertemh3.fr\/wp-content\/uploads\/2010\/07\/PHOTOS-ascenseur-28-002-225x300.jpg 225w, https:\/\/www.libertemh3.fr\/wp-content\/uploads\/2010\/07\/PHOTOS-ascenseur-28-002.jpg 576w\" sizes=\"auto, (max-width: 225px) 100vw, 225px\" \/><\/a><\/p>\n<p><a href=\"https:\/\/www.libertemh3.fr\/wp-content\/uploads\/2010\/07\/PHOTOS-ascenseur-28-003.jpg\"><img loading=\"lazy\" decoding=\"async\" class=\"alignnone size-medium wp-image-704\" title=\"PHOTOS ascenseur - 28 003\" src=\"https:\/\/www.libertemh3.fr\/wp-content\/uploads\/2010\/07\/PHOTOS-ascenseur-28-003-225x300.jpg\" alt=\"\" width=\"225\" height=\"300\" srcset=\"https:\/\/www.libertemh3.fr\/wp-content\/uploads\/2010\/07\/PHOTOS-ascenseur-28-003-225x300.jpg 225w, https:\/\/www.libertemh3.fr\/wp-content\/uploads\/2010\/07\/PHOTOS-ascenseur-28-003.jpg 576w\" sizes=\"auto, (max-width: 225px) 100vw, 225px\" \/><\/a>\u00a0<a href=\"https:\/\/www.libertemh3.fr\/wp-content\/uploads\/2010\/07\/PHOTOS-ascenseur-28-004.jpg\"><img loading=\"lazy\" decoding=\"async\" class=\"alignnone size-medium wp-image-705\" title=\"PHOTOS ascenseur - 28 004\" src=\"https:\/\/www.libertemh3.fr\/wp-content\/uploads\/2010\/07\/PHOTOS-ascenseur-28-004-225x300.jpg\" alt=\"\" width=\"225\" height=\"300\" srcset=\"https:\/\/www.libertemh3.fr\/wp-content\/uploads\/2010\/07\/PHOTOS-ascenseur-28-004-225x300.jpg 225w, https:\/\/www.libertemh3.fr\/wp-content\/uploads\/2010\/07\/PHOTOS-ascenseur-28-004.jpg 576w\" sizes=\"auto, (max-width: 225px) 100vw, 225px\" \/><\/a><\/p>\n","protected":false},"excerpt":{"rendered":"<p>Enfin le tout premier ascenseur modernis\u00e9 op\u00e9rationnel. Le grand ascenseur du 28 a \u00e9t\u00e9 mis en route. Qu&#8217;est-ce qui change ? Afficheurs \u00e0 chaque \u00e9tage du sens de d\u00e9part de l\u2019ascenseur et de l\u2019\u00e9tage o\u00f9 il se situe. Bouton d\u2019acc\u00e8s &hellip; <a href=\"https:\/\/www.libertemh3.fr\/?p=701\">Continuer la lecture <span class=\"meta-nav\">&rarr;<\/span><\/a><\/p>\n","protected":false},"author":1,"featured_media":0,"comment_status":"open","ping_status":"open","sticky":false,"template":"","format":"standard","meta":{"om_disable_all_campaigns":false,"_monsterinsights_skip_tracking":false,"_monsterinsights_sitenote_active":false,"_monsterinsights_sitenote_note":"","_monsterinsights_sitenote_category":0,"_uf_show_specific_survey":0,"_uf_disable_surveys":false,"ngg_post_thumbnail":0,"footnotes":""},"categories":[1],"tags":[46,31,9],"class_list":["post-701","post","type-post","status-publish","format-standard","hentry","category-non-classe","tag-46","tag-ascenseurs","tag-travaux"],"aioseo_notices":[],"_links":{"self":[{"href":"https:\/\/www.libertemh3.fr\/index.php?rest_route=\/wp\/v2\/posts\/701","targetHints":{"allow":["GET"]}}],"collection":[{"href":"https:\/\/www.libertemh3.fr\/index.php?rest_route=\/wp\/v2\/posts"}],"about":[{"href":"https:\/\/www.libertemh3.fr\/index.php?rest_route=\/wp\/v2\/types\/post"}],"author":[{"embeddable":true,"href":"https:\/\/www.libertemh3.fr\/index.php?rest_route=\/wp\/v2\/users\/1"}],"replies":[{"embeddable":true,"href":"https:\/\/www.libertemh3.fr\/index.php?rest_route=%2Fwp%2Fv2%2Fcomments&post=701"}],"version-history":[{"count":2,"href":"https:\/\/www.libertemh3.fr\/index.php?rest_route=\/wp\/v2\/posts\/701\/revisions"}],"predecessor-version":[{"id":707,"href":"https:\/\/www.libertemh3.fr\/index.php?rest_route=\/wp\/v2\/posts\/701\/revisions\/707"}],"wp:attachment":[{"href":"https:\/\/www.libertemh3.fr\/index.php?rest_route=%2Fwp%2Fv2%2Fmedia&parent=701"}],"wp:term":[{"taxonomy":"category","embeddable":true,"href":"https:\/\/www.libertemh3.fr\/index.php?rest_route=%2Fwp%2Fv2%2Fcategories&post=701"},{"taxonomy":"post_tag","embeddable":true,"href":"https:\/\/www.libertemh3.fr\/index.php?rest_route=%2Fwp%2Fv2%2Ftags&post=701"}],"curies":[{"name":"wp","href":"https:\/\/api.w.org\/{rel}","templated":true}]}}