{"id":465,"date":"2010-02-04T08:16:41","date_gmt":"2010-02-04T07:16:41","guid":{"rendered":"http:\/\/www.libertemh3.fr\/?p=465"},"modified":"2010-02-08T09:48:37","modified_gmt":"2010-02-08T08:48:37","slug":"tnt-2eme-semestre","status":"publish","type":"post","link":"https:\/\/www.libertemh3.fr\/?p=465","title":{"rendered":"TNT : 2\u00e8me semestre"},"content":{"rendered":"<p style=\"text-align: justify;\">Le signal TV analogique que vous recevez actuellement le biais de l&#8217;antenne collective <span style=\"text-decoration: underline;\">s&#8217;arr\u00eatera<\/span> en Ile de France au 08\/03\/2011.<\/p>\n<p style=\"text-align: justify;\">A cette date, tous les \u00e9quipements non tnt ne recevrons plus aucun signal.<\/p>\n<p style=\"text-align: justify;\">Dans le courant du 2 \u00e8me semestre 2010, le signal TNT sera <strong>ajout\u00e9<\/strong> au signal analogique. Aucun risque que les 2 signaux ne se m\u00e9langent, ils sont totalement s\u00e9par\u00e9s.<\/p>\n<p style=\"text-align: justify;\">Le 08\/03\/2011, ne subsistera plus <span style=\"text-decoration: underline;\"><strong>que le signal TNT<\/strong><\/span>.<\/p>\n<p style=\"text-align: justify;\">Nous vous tiendrons au courant d\u00e8s que les dates de mise en place du signal TNT dans l&#8217;immeuble seront connues.<\/p>\n<p style=\"text-align: justify;\">D&#8217;ici l\u00e0, nous vous invitons \u00e0 anticiper cette mise en place et \u00e0 r\u00e9fl\u00e9chir comment vous \u00e9quiper.<\/p>\n<p style=\"text-align: justify;\">Des solutions simples et fiables, optionnelles, vous seront propos\u00e9es par l&#8217;installateur TV retenu.<\/p>\n<p style=\"text-align: justify;\">Pour de plus amples informations :<\/p>\n<p><a href=\"http:\/\/www.csa.fr\/\" target=\"_blank\">http:\/\/www.csa.fr\/<\/a><\/p>\n<p><a href=\"http:\/\/www.tousaunumerique.fr\/\" target=\"_blank\">http:\/\/www.tousaunumerique.fr\/<\/a><\/p>\n","protected":false},"excerpt":{"rendered":"<p>Le signal TV analogique que vous recevez actuellement le biais de l&#8217;antenne collective s&#8217;arr\u00eatera en Ile de France au 08\/03\/2011. A cette date, tous les \u00e9quipements non tnt ne recevrons plus aucun signal. Dans le courant du 2 \u00e8me semestre &hellip; <a href=\"https:\/\/www.libertemh3.fr\/?p=465\">Continuer la lecture <span class=\"meta-nav\">&rarr;<\/span><\/a><\/p>\n","protected":false},"author":1,"featured_media":0,"comment_status":"closed","ping_status":"open","sticky":false,"template":"","format":"standard","meta":{"om_disable_all_campaigns":false,"_monsterinsights_skip_tracking":false,"_monsterinsights_sitenote_active":false,"_monsterinsights_sitenote_note":"","_monsterinsights_sitenote_category":0,"_uf_show_specific_survey":0,"_uf_disable_surveys":false,"ngg_post_thumbnail":0,"footnotes":""},"categories":[1],"tags":[35,9,6],"class_list":["post-465","post","type-post","status-publish","format-standard","hentry","category-non-classe","tag-tnt","tag-travaux","tag-tv"],"aioseo_notices":[],"_links":{"self":[{"href":"https:\/\/www.libertemh3.fr\/index.php?rest_route=\/wp\/v2\/posts\/465","targetHints":{"allow":["GET"]}}],"collection":[{"href":"https:\/\/www.libertemh3.fr\/index.php?rest_route=\/wp\/v2\/posts"}],"about":[{"href":"https:\/\/www.libertemh3.fr\/index.php?rest_route=\/wp\/v2\/types\/post"}],"author":[{"embeddable":true,"href":"https:\/\/www.libertemh3.fr\/index.php?rest_route=\/wp\/v2\/users\/1"}],"replies":[{"embeddable":true,"href":"https:\/\/www.libertemh3.fr\/index.php?rest_route=%2Fwp%2Fv2%2Fcomments&post=465"}],"version-history":[{"count":7,"href":"https:\/\/www.libertemh3.fr\/index.php?rest_route=\/wp\/v2\/posts\/465\/revisions"}],"predecessor-version":[{"id":484,"href":"https:\/\/www.libertemh3.fr\/index.php?rest_route=\/wp\/v2\/posts\/465\/revisions\/484"}],"wp:attachment":[{"href":"https:\/\/www.libertemh3.fr\/index.php?rest_route=%2Fwp%2Fv2%2Fmedia&parent=465"}],"wp:term":[{"taxonomy":"category","embeddable":true,"href":"https:\/\/www.libertemh3.fr\/index.php?rest_route=%2Fwp%2Fv2%2Fcategories&post=465"},{"taxonomy":"post_tag","embeddable":true,"href":"https:\/\/www.libertemh3.fr\/index.php?rest_route=%2Fwp%2Fv2%2Ftags&post=465"}],"curies":[{"name":"wp","href":"https:\/\/api.w.org\/{rel}","templated":true}]}}