{"id":2151,"date":"2018-05-30T21:08:41","date_gmt":"2018-05-30T20:08:41","guid":{"rendered":"http:\/\/www.libertemh3.fr\/?p=2151"},"modified":"2018-05-30T21:08:41","modified_gmt":"2018-05-30T20:08:41","slug":"mh3-prochains-evenements-arena","status":"publish","type":"post","link":"https:\/\/www.libertemh3.fr\/?p=2151","title":{"rendered":"MH3 -prochains \u00e9v\u00e9nements ARENA"},"content":{"rendered":"<p>informations de la mairie :<\/p>\n<p class=\"yiv5883682535MsoNormal\">les modalit\u00e9s de s\u00e9curit\u00e9 \u00e0 mettre en \u0153uvre en vue des prochains \u00e9v\u00e8nements de l\u2019Arena:<\/p>\n<p class=\"yiv5883682535MsoListParagraph\">\u00b7&nbsp;&nbsp;&nbsp;&nbsp;&nbsp;&nbsp;&nbsp;&nbsp; <b>vendredi 8 juin&nbsp;: ROGER WATERS<\/b><\/p>\n<p class=\"yiv5883682535MsoNormal\">Nombre de spectateurs attendus&nbsp;: 35&nbsp;000 \/ ouverture de la U ARENA \u00e0 18h00 &#8211; d\u00e9but du concert&nbsp;: 20h00 fin&nbsp;: 23h30<\/p>\n<p class=\"yiv5883682535MsoListParagraph\">\u00b7&nbsp;&nbsp;&nbsp;&nbsp;&nbsp;&nbsp;&nbsp;&nbsp; <b>Samedi 9 juin&nbsp;: ROGER WATERS<\/b><\/p>\n<p class=\"yiv5883682535MsoNormal\">Nombre de spectateurs attendus&nbsp;: moins de 20&nbsp;000 \/ ouverture de la U ARENA \u00e0 18h00 &#8211; d\u00e9but du concert&nbsp;: 20h00 fin&nbsp;: 23h30<\/p>\n<p class=\"yiv5883682535MsoListParagraph\">\u00b7&nbsp;&nbsp;&nbsp;&nbsp;&nbsp;&nbsp;&nbsp;&nbsp; <b>Mardi 12 juin&nbsp;: FIFA 98<\/b><\/p>\n<p class=\"yiv5883682535MsoNormal\">Nombre de spectateurs attendus&nbsp;: 22 000 \/ ouverture de la U ARENA \u00e0 19h00 &#8211; d\u00e9but du concert&nbsp;: 21h00 fin&nbsp;: 23h30<\/p>\n<p class=\"yiv5883682535MsoNormal\">&nbsp;<\/p>\n<p class=\"yiv5883682535MsoNormal\"><b>Il a \u00e9t\u00e9 retenu&nbsp;:<\/b><\/p>\n<p class=\"yiv5883682535MsoListParagraph\">\u00b7&nbsp;&nbsp;&nbsp;&nbsp;&nbsp;&nbsp;&nbsp; <b>la mise en place du p\u00e9rim\u00e8tre de confort<\/b> ainsi que le parking 2RM place N. Mandela pour le vendredi 8 juin<\/p>\n<p class=\"yiv5883682535MsoListParagraph\">\u00b7&nbsp;&nbsp;&nbsp;&nbsp;&nbsp;&nbsp;&nbsp; <b>la mise en place du <\/b>parking 2RM place N. Mandela pour le mardi 12 juin<\/p>\n<p class=\"yiv5883682535MsoNormal\">&nbsp;<\/p>\n<p class=\"yiv5883682535MsoNormal\"><b><u>Rappel&nbsp;:<\/u><\/b><\/p>\n<p class=\"yiv5883682535MsoNormal\"><b>Le p\u00e9rim\u00e8tre de confort&nbsp;n\u00e9cessite <u>p<\/u>our Roger Waters&nbsp;le vendredi 8 juin<\/b> de&nbsp;fermer le p\u00e9rim\u00e8tre \u00e0 16h00 r\u00e9ouverture \u00e0 21h00 soit 1 heure apr\u00e8s le d\u00e9but du concert.<\/p>\n","protected":false},"excerpt":{"rendered":"<p>informations de la mairie : les modalit\u00e9s de s\u00e9curit\u00e9 \u00e0 mettre en \u0153uvre en vue des prochains \u00e9v\u00e8nements de l\u2019Arena: \u00b7&nbsp;&nbsp;&nbsp;&nbsp;&nbsp;&nbsp;&nbsp;&nbsp; vendredi 8 juin&nbsp;: ROGER WATERS Nombre de spectateurs attendus&nbsp;: 35&nbsp;000 \/ ouverture de la U ARENA \u00e0 18h00 &#8211; &hellip; <a href=\"https:\/\/www.libertemh3.fr\/?p=2151\">Continuer la lecture <span class=\"meta-nav\">&rarr;<\/span><\/a><\/p>\n","protected":false},"author":1,"featured_media":0,"comment_status":"open","ping_status":"open","sticky":false,"template":"","format":"standard","meta":{"om_disable_all_campaigns":false,"_monsterinsights_skip_tracking":false,"_monsterinsights_sitenote_active":false,"_monsterinsights_sitenote_note":"","_monsterinsights_sitenote_category":0,"_uf_show_specific_survey":0,"_uf_disable_surveys":false,"ngg_post_thumbnail":0,"footnotes":""},"categories":[1],"tags":[160,152],"class_list":["post-2151","post","type-post","status-publish","format-standard","hentry","category-non-classe","tag-arena","tag-uarena"],"aioseo_notices":[],"_links":{"self":[{"href":"https:\/\/www.libertemh3.fr\/index.php?rest_route=\/wp\/v2\/posts\/2151","targetHints":{"allow":["GET"]}}],"collection":[{"href":"https:\/\/www.libertemh3.fr\/index.php?rest_route=\/wp\/v2\/posts"}],"about":[{"href":"https:\/\/www.libertemh3.fr\/index.php?rest_route=\/wp\/v2\/types\/post"}],"author":[{"embeddable":true,"href":"https:\/\/www.libertemh3.fr\/index.php?rest_route=\/wp\/v2\/users\/1"}],"replies":[{"embeddable":true,"href":"https:\/\/www.libertemh3.fr\/index.php?rest_route=%2Fwp%2Fv2%2Fcomments&post=2151"}],"version-history":[{"count":1,"href":"https:\/\/www.libertemh3.fr\/index.php?rest_route=\/wp\/v2\/posts\/2151\/revisions"}],"predecessor-version":[{"id":2152,"href":"https:\/\/www.libertemh3.fr\/index.php?rest_route=\/wp\/v2\/posts\/2151\/revisions\/2152"}],"wp:attachment":[{"href":"https:\/\/www.libertemh3.fr\/index.php?rest_route=%2Fwp%2Fv2%2Fmedia&parent=2151"}],"wp:term":[{"taxonomy":"category","embeddable":true,"href":"https:\/\/www.libertemh3.fr\/index.php?rest_route=%2Fwp%2Fv2%2Fcategories&post=2151"},{"taxonomy":"post_tag","embeddable":true,"href":"https:\/\/www.libertemh3.fr\/index.php?rest_route=%2Fwp%2Fv2%2Ftags&post=2151"}],"curies":[{"name":"wp","href":"https:\/\/api.w.org\/{rel}","templated":true}]}}