{"id":1527,"date":"2015-06-24T20:22:44","date_gmt":"2015-06-24T19:22:44","guid":{"rendered":"http:\/\/www.libertemh3.fr\/?p=1527"},"modified":"2015-08-17T17:49:21","modified_gmt":"2015-08-17T16:49:21","slug":"reexpedition-courrier-colis","status":"publish","type":"post","link":"https:\/\/www.libertemh3.fr\/?p=1527","title":{"rendered":"R\u00e9exp\u00e9dition Courrier &#038; Colis"},"content":{"rendered":"<p>Depuis la reprise par la poste de la distribution du courrier, vos lettres ne peuvent plus \u00eatre gard\u00e9es \u00e0 la loge.<\/p>\n<p>A l\u2019approche des cong\u00e9s d\u2019\u00e9t\u00e9, si vous souhaitez une r\u00e9exp\u00e9dition ou faire garder votre courrier par la poste, rendez vous \u00e0 la poste des terrasses ou sur : <a href=\"https:\/\/boutique.laposte.fr\/dispatch-pack-reel\" target=\"_blank\">https:\/\/boutique.laposte.fr\/dispatch-pack-reel<\/a><\/p>\n","protected":false},"excerpt":{"rendered":"<p>Depuis la reprise par la poste de la distribution du courrier, vos lettres ne peuvent plus \u00eatre gard\u00e9es \u00e0 la loge. A l\u2019approche des cong\u00e9s d\u2019\u00e9t\u00e9, si vous souhaitez une r\u00e9exp\u00e9dition ou faire garder votre courrier par la poste, rendez &hellip; <a href=\"https:\/\/www.libertemh3.fr\/?p=1527\">Continuer la lecture <span class=\"meta-nav\">&rarr;<\/span><\/a><\/p>\n","protected":false},"author":1,"featured_media":0,"comment_status":"open","ping_status":"open","sticky":false,"template":"","format":"standard","meta":{"om_disable_all_campaigns":false,"_monsterinsights_skip_tracking":false,"_monsterinsights_sitenote_active":false,"_monsterinsights_sitenote_note":"","_monsterinsights_sitenote_category":0,"_uf_show_specific_survey":0,"_uf_disable_surveys":false,"ngg_post_thumbnail":0,"footnotes":""},"categories":[1],"tags":[80,79,83],"class_list":["post-1527","post","type-post","status-publish","format-standard","hentry","category-non-classe","tag-colis","tag-courrier","tag-la-poste"],"aioseo_notices":[],"_links":{"self":[{"href":"https:\/\/www.libertemh3.fr\/index.php?rest_route=\/wp\/v2\/posts\/1527","targetHints":{"allow":["GET"]}}],"collection":[{"href":"https:\/\/www.libertemh3.fr\/index.php?rest_route=\/wp\/v2\/posts"}],"about":[{"href":"https:\/\/www.libertemh3.fr\/index.php?rest_route=\/wp\/v2\/types\/post"}],"author":[{"embeddable":true,"href":"https:\/\/www.libertemh3.fr\/index.php?rest_route=\/wp\/v2\/users\/1"}],"replies":[{"embeddable":true,"href":"https:\/\/www.libertemh3.fr\/index.php?rest_route=%2Fwp%2Fv2%2Fcomments&post=1527"}],"version-history":[{"count":2,"href":"https:\/\/www.libertemh3.fr\/index.php?rest_route=\/wp\/v2\/posts\/1527\/revisions"}],"predecessor-version":[{"id":1529,"href":"https:\/\/www.libertemh3.fr\/index.php?rest_route=\/wp\/v2\/posts\/1527\/revisions\/1529"}],"wp:attachment":[{"href":"https:\/\/www.libertemh3.fr\/index.php?rest_route=%2Fwp%2Fv2%2Fmedia&parent=1527"}],"wp:term":[{"taxonomy":"category","embeddable":true,"href":"https:\/\/www.libertemh3.fr\/index.php?rest_route=%2Fwp%2Fv2%2Fcategories&post=1527"},{"taxonomy":"post_tag","embeddable":true,"href":"https:\/\/www.libertemh3.fr\/index.php?rest_route=%2Fwp%2Fv2%2Ftags&post=1527"}],"curies":[{"name":"wp","href":"https:\/\/api.w.org\/{rel}","templated":true}]}}