{"id":1292,"date":"2013-07-31T20:41:36","date_gmt":"2013-07-31T19:41:36","guid":{"rendered":"http:\/\/www.libertemh3.fr\/?p=1292"},"modified":"2013-07-31T20:42:46","modified_gmt":"2013-07-31T19:42:46","slug":"test-dalles-ascenseur","status":"publish","type":"post","link":"https:\/\/www.libertemh3.fr\/?p=1292","title":{"rendered":"Test dalles ascenseur"},"content":{"rendered":"<p>Suite aux <strong>d\u00e9sordres<\/strong> constat\u00e9s sur les dallages du sol des ascenseurs, la soci\u00e9t\u00e9 OTIS a accept\u00e9, apr\u00e8s <strong>n\u00e9gociation<\/strong> avec le conseil syndical, de remplacer les dalles <strong>cass\u00e9es<\/strong> (20 dalles).<\/p>\n<p>Un <strong>essai<\/strong> est effectu\u00e9 dans le grand ascenseur du N\u00b030 pendant une p\u00e9riode <strong>d&#8217;un mois<\/strong> avant de g\u00e9n\u00e9raliser la technique utilis\u00e9e par l&#8217;habilleur, la st\u00e9 BASTIEN.<\/p>\n<p>Le remplacement a \u00e9t\u00e9 fait les 30 et 31\/07\/2013.<\/p>\n","protected":false},"excerpt":{"rendered":"<p>Suite aux d\u00e9sordres constat\u00e9s sur les dallages du sol des ascenseurs, la soci\u00e9t\u00e9 OTIS a accept\u00e9, apr\u00e8s n\u00e9gociation avec le conseil syndical, de remplacer les dalles cass\u00e9es (20 dalles). Un essai est effectu\u00e9 dans le grand ascenseur du N\u00b030 pendant &hellip; <a href=\"https:\/\/www.libertemh3.fr\/?p=1292\">Continuer la lecture <span class=\"meta-nav\">&rarr;<\/span><\/a><\/p>\n","protected":false},"author":1,"featured_media":0,"comment_status":"open","ping_status":"open","sticky":false,"template":"","format":"standard","meta":{"om_disable_all_campaigns":false,"_monsterinsights_skip_tracking":false,"_monsterinsights_sitenote_active":false,"_monsterinsights_sitenote_note":"","_monsterinsights_sitenote_category":0,"_uf_show_specific_survey":0,"_uf_disable_surveys":false,"ngg_post_thumbnail":0,"footnotes":""},"categories":[1],"tags":[31,43,9],"class_list":["post-1292","post","type-post","status-publish","format-standard","hentry","category-non-classe","tag-ascenseurs","tag-conseil-syndical","tag-travaux"],"aioseo_notices":[],"_links":{"self":[{"href":"https:\/\/www.libertemh3.fr\/index.php?rest_route=\/wp\/v2\/posts\/1292","targetHints":{"allow":["GET"]}}],"collection":[{"href":"https:\/\/www.libertemh3.fr\/index.php?rest_route=\/wp\/v2\/posts"}],"about":[{"href":"https:\/\/www.libertemh3.fr\/index.php?rest_route=\/wp\/v2\/types\/post"}],"author":[{"embeddable":true,"href":"https:\/\/www.libertemh3.fr\/index.php?rest_route=\/wp\/v2\/users\/1"}],"replies":[{"embeddable":true,"href":"https:\/\/www.libertemh3.fr\/index.php?rest_route=%2Fwp%2Fv2%2Fcomments&post=1292"}],"version-history":[{"count":3,"href":"https:\/\/www.libertemh3.fr\/index.php?rest_route=\/wp\/v2\/posts\/1292\/revisions"}],"predecessor-version":[{"id":1295,"href":"https:\/\/www.libertemh3.fr\/index.php?rest_route=\/wp\/v2\/posts\/1292\/revisions\/1295"}],"wp:attachment":[{"href":"https:\/\/www.libertemh3.fr\/index.php?rest_route=%2Fwp%2Fv2%2Fmedia&parent=1292"}],"wp:term":[{"taxonomy":"category","embeddable":true,"href":"https:\/\/www.libertemh3.fr\/index.php?rest_route=%2Fwp%2Fv2%2Fcategories&post=1292"},{"taxonomy":"post_tag","embeddable":true,"href":"https:\/\/www.libertemh3.fr\/index.php?rest_route=%2Fwp%2Fv2%2Ftags&post=1292"}],"curies":[{"name":"wp","href":"https:\/\/api.w.org\/{rel}","templated":true}]}}