{"id":1144,"date":"2012-09-15T21:48:41","date_gmt":"2012-09-15T20:48:41","guid":{"rendered":"http:\/\/www.libertemh3.fr\/?p=1144"},"modified":"2012-09-15T21:55:51","modified_gmt":"2012-09-15T20:55:51","slug":"mosaique-inauguration","status":"publish","type":"post","link":"https:\/\/www.libertemh3.fr\/?p=1144","title":{"rendered":"MOSAIQUE : INAUGURATION"},"content":{"rendered":"<p>Samedi 15\/09\/2012, 11h.<\/p>\n<p>Bernard Marel, pr\u00e9sident de l&#8217;Acri, Florence Cosnefroy, plasticienne, Fabio Rieti, artiste muraliste\u00a0 ont inaugur\u00e9 la mosa\u00efque \u00e0 l&#8217;entr\u00e9e du Libert\u00e9\/mh3.<\/p>\n<p>Face \u00e0 pr\u00e8s de 70 personnes, de nombreuse personnes ayant particip\u00e9 au projet sont intervenues.<\/p>\n<p>Bient\u00f4t sur le site, une page sp\u00e9ciale sur la mosa\u00efque.<\/p>\n<p><a href=\"https:\/\/www.libertemh3.fr\/wp-content\/uploads\/2012\/09\/IMGP5975.jpg\"><img loading=\"lazy\" decoding=\"async\" class=\"alignnone size-medium wp-image-1145\" title=\"IMGP5975\" src=\"https:\/\/www.libertemh3.fr\/wp-content\/uploads\/2012\/09\/IMGP5975-300x200.jpg\" alt=\"\" width=\"300\" height=\"200\" srcset=\"https:\/\/www.libertemh3.fr\/wp-content\/uploads\/2012\/09\/IMGP5975-300x200.jpg 300w, https:\/\/www.libertemh3.fr\/wp-content\/uploads\/2012\/09\/IMGP5975-1024x685.jpg 1024w\" sizes=\"auto, (max-width: 300px) 100vw, 300px\" \/><\/a> <a href=\"https:\/\/www.libertemh3.fr\/wp-content\/uploads\/2012\/09\/IMGP6006.jpg\"><img loading=\"lazy\" decoding=\"async\" class=\"alignnone size-medium wp-image-1146\" title=\"IMGP6006\" src=\"https:\/\/www.libertemh3.fr\/wp-content\/uploads\/2012\/09\/IMGP6006-200x300.jpg\" alt=\"\" width=\"200\" height=\"300\" srcset=\"https:\/\/www.libertemh3.fr\/wp-content\/uploads\/2012\/09\/IMGP6006-200x300.jpg 200w, https:\/\/www.libertemh3.fr\/wp-content\/uploads\/2012\/09\/IMGP6006-685x1024.jpg 685w\" sizes=\"auto, (max-width: 200px) 100vw, 200px\" \/><\/a><\/p>\n<p><a href=\"https:\/\/www.libertemh3.fr\/wp-content\/uploads\/2012\/09\/IMGP5997.jpg\"><img loading=\"lazy\" decoding=\"async\" class=\"alignnone size-medium wp-image-1147\" title=\"IMGP5997\" src=\"https:\/\/www.libertemh3.fr\/wp-content\/uploads\/2012\/09\/IMGP5997-200x300.jpg\" alt=\"\" width=\"200\" height=\"300\" srcset=\"https:\/\/www.libertemh3.fr\/wp-content\/uploads\/2012\/09\/IMGP5997-200x300.jpg 200w, https:\/\/www.libertemh3.fr\/wp-content\/uploads\/2012\/09\/IMGP5997-685x1024.jpg 685w\" sizes=\"auto, (max-width: 200px) 100vw, 200px\" \/><\/a> <a href=\"https:\/\/www.libertemh3.fr\/wp-content\/uploads\/2012\/09\/inauguration-mosaique.gif\"><img loading=\"lazy\" decoding=\"async\" class=\"alignnone size-full wp-image-1150\" title=\"inauguration mosaique\" src=\"https:\/\/www.libertemh3.fr\/wp-content\/uploads\/2012\/09\/inauguration-mosaique.gif\" alt=\"\" width=\"214\" height=\"320\" srcset=\"https:\/\/www.libertemh3.fr\/wp-content\/uploads\/2012\/09\/inauguration-mosaique.gif 214w, https:\/\/www.libertemh3.fr\/wp-content\/uploads\/2012\/09\/inauguration-mosaique-200x300.gif 200w\" sizes=\"auto, (max-width: 214px) 100vw, 214px\" \/><\/a><\/p>\n","protected":false},"excerpt":{"rendered":"<p>Samedi 15\/09\/2012, 11h. Bernard Marel, pr\u00e9sident de l&#8217;Acri, Florence Cosnefroy, plasticienne, Fabio Rieti, artiste muraliste\u00a0 ont inaugur\u00e9 la mosa\u00efque \u00e0 l&#8217;entr\u00e9e du Libert\u00e9\/mh3. Face \u00e0 pr\u00e8s de 70 personnes, de nombreuse personnes ayant particip\u00e9 au projet sont intervenues. Bient\u00f4t sur &hellip; <a href=\"https:\/\/www.libertemh3.fr\/?p=1144\">Continuer la lecture <span class=\"meta-nav\">&rarr;<\/span><\/a><\/p>\n","protected":false},"author":1,"featured_media":0,"comment_status":"open","ping_status":"open","sticky":false,"template":"","format":"standard","meta":{"om_disable_all_campaigns":false,"_monsterinsights_skip_tracking":false,"_monsterinsights_sitenote_active":false,"_monsterinsights_sitenote_note":"","_monsterinsights_sitenote_category":0,"_uf_show_specific_survey":0,"_uf_disable_surveys":false,"ngg_post_thumbnail":0,"footnotes":""},"categories":[1],"tags":[60,14,70,49,69,71],"class_list":["post-1144","post","type-post","status-publish","format-standard","hentry","category-non-classe","tag-60","tag-acri","tag-cosnefroy","tag-kalisz","tag-mosaique","tag-rieti"],"aioseo_notices":[],"_links":{"self":[{"href":"https:\/\/www.libertemh3.fr\/index.php?rest_route=\/wp\/v2\/posts\/1144","targetHints":{"allow":["GET"]}}],"collection":[{"href":"https:\/\/www.libertemh3.fr\/index.php?rest_route=\/wp\/v2\/posts"}],"about":[{"href":"https:\/\/www.libertemh3.fr\/index.php?rest_route=\/wp\/v2\/types\/post"}],"author":[{"embeddable":true,"href":"https:\/\/www.libertemh3.fr\/index.php?rest_route=\/wp\/v2\/users\/1"}],"replies":[{"embeddable":true,"href":"https:\/\/www.libertemh3.fr\/index.php?rest_route=%2Fwp%2Fv2%2Fcomments&post=1144"}],"version-history":[{"count":3,"href":"https:\/\/www.libertemh3.fr\/index.php?rest_route=\/wp\/v2\/posts\/1144\/revisions"}],"predecessor-version":[{"id":1149,"href":"https:\/\/www.libertemh3.fr\/index.php?rest_route=\/wp\/v2\/posts\/1144\/revisions\/1149"}],"wp:attachment":[{"href":"https:\/\/www.libertemh3.fr\/index.php?rest_route=%2Fwp%2Fv2%2Fmedia&parent=1144"}],"wp:term":[{"taxonomy":"category","embeddable":true,"href":"https:\/\/www.libertemh3.fr\/index.php?rest_route=%2Fwp%2Fv2%2Fcategories&post=1144"},{"taxonomy":"post_tag","embeddable":true,"href":"https:\/\/www.libertemh3.fr\/index.php?rest_route=%2Fwp%2Fv2%2Ftags&post=1144"}],"curies":[{"name":"wp","href":"https:\/\/api.w.org\/{rel}","templated":true}]}}