{"id":1137,"date":"2012-09-14T14:36:35","date_gmt":"2012-09-14T13:36:35","guid":{"rendered":"http:\/\/www.libertemh3.fr\/?p=1137"},"modified":"2012-09-14T14:36:35","modified_gmt":"2012-09-14T13:36:35","slug":"mosaique-inauguration-samedi-15092012-11h","status":"publish","type":"post","link":"https:\/\/www.libertemh3.fr\/?p=1137","title":{"rendered":"Mosa\u00efque : inauguration samedi 15\/09\/2012 11h"},"content":{"rendered":"<p>Dans le cadre des journ\u00e9es Europ\u00e9ennes du Patrimoine, La mosa\u00efque\u00a0 sera inaugur\u00e9e le samedi 15\/09\/2012 \u00e0 11h.<\/p>\n<p>Projet de l&#8217;ACRI libert\u00e9, il a \u00e9t\u00e9 soutenu par la ville de Nanterre, l&#8217;Epadesa, Axa et la Soci\u00e9t\u00e9 G\u00e9n\u00e9rale.<\/p>\n<p>Rendez-vous au 28 rue Salvador Allende, 92000 Nanterre.<\/p>\n","protected":false},"excerpt":{"rendered":"<p>Dans le cadre des journ\u00e9es Europ\u00e9ennes du Patrimoine, La mosa\u00efque\u00a0 sera inaugur\u00e9e le samedi 15\/09\/2012 \u00e0 11h. Projet de l&#8217;ACRI libert\u00e9, il a \u00e9t\u00e9 soutenu par la ville de Nanterre, l&#8217;Epadesa, Axa et la Soci\u00e9t\u00e9 G\u00e9n\u00e9rale. Rendez-vous au 28 rue &hellip; <a href=\"https:\/\/www.libertemh3.fr\/?p=1137\">Continuer la lecture <span class=\"meta-nav\">&rarr;<\/span><\/a><\/p>\n","protected":false},"author":1,"featured_media":0,"comment_status":"open","ping_status":"open","sticky":false,"template":"","format":"standard","meta":{"om_disable_all_campaigns":false,"_monsterinsights_skip_tracking":false,"_monsterinsights_sitenote_active":false,"_monsterinsights_sitenote_note":"","_monsterinsights_sitenote_category":0,"_uf_show_specific_survey":0,"_uf_disable_surveys":false,"ngg_post_thumbnail":0,"footnotes":""},"categories":[1],"tags":[46,14,49,69,50],"class_list":["post-1137","post","type-post","status-publish","format-standard","hentry","category-non-classe","tag-46","tag-acri","tag-kalisz","tag-mosaique","tag-patrimoine"],"aioseo_notices":[],"_links":{"self":[{"href":"https:\/\/www.libertemh3.fr\/index.php?rest_route=\/wp\/v2\/posts\/1137","targetHints":{"allow":["GET"]}}],"collection":[{"href":"https:\/\/www.libertemh3.fr\/index.php?rest_route=\/wp\/v2\/posts"}],"about":[{"href":"https:\/\/www.libertemh3.fr\/index.php?rest_route=\/wp\/v2\/types\/post"}],"author":[{"embeddable":true,"href":"https:\/\/www.libertemh3.fr\/index.php?rest_route=\/wp\/v2\/users\/1"}],"replies":[{"embeddable":true,"href":"https:\/\/www.libertemh3.fr\/index.php?rest_route=%2Fwp%2Fv2%2Fcomments&post=1137"}],"version-history":[{"count":1,"href":"https:\/\/www.libertemh3.fr\/index.php?rest_route=\/wp\/v2\/posts\/1137\/revisions"}],"predecessor-version":[{"id":1138,"href":"https:\/\/www.libertemh3.fr\/index.php?rest_route=\/wp\/v2\/posts\/1137\/revisions\/1138"}],"wp:attachment":[{"href":"https:\/\/www.libertemh3.fr\/index.php?rest_route=%2Fwp%2Fv2%2Fmedia&parent=1137"}],"wp:term":[{"taxonomy":"category","embeddable":true,"href":"https:\/\/www.libertemh3.fr\/index.php?rest_route=%2Fwp%2Fv2%2Fcategories&post=1137"},{"taxonomy":"post_tag","embeddable":true,"href":"https:\/\/www.libertemh3.fr\/index.php?rest_route=%2Fwp%2Fv2%2Ftags&post=1137"}],"curies":[{"name":"wp","href":"https:\/\/api.w.org\/{rel}","templated":true}]}}