{"id":1121,"date":"2012-09-10T21:00:53","date_gmt":"2012-09-10T20:00:53","guid":{"rendered":"http:\/\/www.libertemh3.fr\/?p=1121"},"modified":"2012-09-12T20:53:37","modified_gmt":"2012-09-12T19:53:37","slug":"mosaique-debut-des-travaux","status":"publish","type":"post","link":"https:\/\/www.libertemh3.fr\/?p=1121","title":{"rendered":"Mosa\u00efque : d\u00e9but des travaux"},"content":{"rendered":"<p>Le chantier de la pose de la mosa\u00efque a d\u00e9but\u00e9 ce matin.<\/p>\n<p>Il doit se finir vendredi, juste avant l&#8217;inauguration, samedi 15 septembre 2012 \u00e0 11h.<\/p>\n<p>&nbsp;<\/p>\n<p>Lundi\u00a0 :<a href=\"https:\/\/www.libertemh3.fr\/wp-content\/uploads\/2012\/09\/2012-09-10-17.23.161.jpg\"><img loading=\"lazy\" decoding=\"async\" class=\"alignnone size-medium wp-image-1123\" title=\"2012-09-10 17.23.16\" src=\"https:\/\/www.libertemh3.fr\/wp-content\/uploads\/2012\/09\/2012-09-10-17.23.161-225x300.jpg\" alt=\"\" width=\"225\" height=\"300\" srcset=\"https:\/\/www.libertemh3.fr\/wp-content\/uploads\/2012\/09\/2012-09-10-17.23.161-225x300.jpg 225w, https:\/\/www.libertemh3.fr\/wp-content\/uploads\/2012\/09\/2012-09-10-17.23.161-768x1024.jpg 768w, https:\/\/www.libertemh3.fr\/wp-content\/uploads\/2012\/09\/2012-09-10-17.23.161.jpg 1920w\" sizes=\"auto, (max-width: 225px) 100vw, 225px\" \/><\/a><\/p>\n<p>Mardi : <a href=\"https:\/\/www.libertemh3.fr\/wp-content\/uploads\/2012\/09\/pose-1.jpg\"><img loading=\"lazy\" decoding=\"async\" class=\"alignnone size-thumbnail wp-image-1127\" title=\"pose 1\" src=\"https:\/\/www.libertemh3.fr\/wp-content\/uploads\/2012\/09\/pose-1-150x150.jpg\" alt=\"\" width=\"150\" height=\"150\" \/><\/a> <a href=\"https:\/\/www.libertemh3.fr\/wp-content\/uploads\/2012\/09\/pose-3.jpg\"><img loading=\"lazy\" decoding=\"async\" class=\"alignnone size-thumbnail wp-image-1128\" title=\"pose 3\" src=\"https:\/\/www.libertemh3.fr\/wp-content\/uploads\/2012\/09\/pose-3-150x150.jpg\" alt=\"\" width=\"150\" height=\"150\" \/><\/a> <a href=\"https:\/\/www.libertemh3.fr\/wp-content\/uploads\/2012\/09\/calepinage-des-morceaux-de-mosa+\u00bbque.jpg\"><img loading=\"lazy\" decoding=\"async\" class=\"alignnone size-medium wp-image-1129\" title=\"calepinage des morceaux de mosa+\u00bbque\" src=\"https:\/\/www.libertemh3.fr\/wp-content\/uploads\/2012\/09\/calepinage-des-morceaux-de-mosa+\u00bbque-300x198.jpg\" alt=\"\" width=\"300\" height=\"198\" srcset=\"https:\/\/www.libertemh3.fr\/wp-content\/uploads\/2012\/09\/calepinage-des-morceaux-de-mosa+\u00bbque-300x198.jpg 300w, https:\/\/www.libertemh3.fr\/wp-content\/uploads\/2012\/09\/calepinage-des-morceaux-de-mosa+\u00bbque.jpg 800w\" sizes=\"auto, (max-width: 300px) 100vw, 300px\" \/><\/a><\/p>\n<p>Mercredi : <a href=\"https:\/\/www.libertemh3.fr\/wp-content\/uploads\/2012\/09\/la-mosaique-apparait.jpg\"><img loading=\"lazy\" decoding=\"async\" class=\"alignnone size-thumbnail wp-image-1131\" title=\"la mosaique apparait\" src=\"https:\/\/www.libertemh3.fr\/wp-content\/uploads\/2012\/09\/la-mosaique-apparait-150x150.jpg\" alt=\"\" width=\"150\" height=\"150\" \/><\/a> <a href=\"https:\/\/www.libertemh3.fr\/wp-content\/uploads\/2012\/09\/on-retire-le-craft.jpg\"><img loading=\"lazy\" decoding=\"async\" class=\"alignnone size-thumbnail wp-image-1133\" title=\"on retire le craft\" src=\"https:\/\/www.libertemh3.fr\/wp-content\/uploads\/2012\/09\/on-retire-le-craft-150x150.jpg\" alt=\"\" width=\"150\" height=\"150\" \/><\/a><a href=\"https:\/\/www.libertemh3.fr\/wp-content\/uploads\/2012\/09\/ajutements-petits-\u00e9l\u00e9ments.jpg\"> <img loading=\"lazy\" decoding=\"async\" class=\"alignnone size-thumbnail wp-image-1134\" title=\"ajutements petits \u00e9l\u00e9ments\" src=\"https:\/\/www.libertemh3.fr\/wp-content\/uploads\/2012\/09\/ajutements-petits-\u00e9l\u00e9ments-150x150.jpg\" alt=\"\" width=\"150\" height=\"150\" \/><\/a> <a href=\"https:\/\/www.libertemh3.fr\/wp-content\/uploads\/2012\/09\/mosaique-cach\u00e9e.jpg\"><img loading=\"lazy\" decoding=\"async\" class=\"alignnone size-thumbnail wp-image-1135\" title=\"mosaique cach\u00e9e\" src=\"https:\/\/www.libertemh3.fr\/wp-content\/uploads\/2012\/09\/mosaique-cach\u00e9e-150x150.jpg\" alt=\"\" width=\"150\" height=\"150\" \/><\/a><\/p>\n<p>&nbsp;<\/p>\n<p>&nbsp;<\/p>\n","protected":false},"excerpt":{"rendered":"<p>Le chantier de la pose de la mosa\u00efque a d\u00e9but\u00e9 ce matin. Il doit se finir vendredi, juste avant l&#8217;inauguration, samedi 15 septembre 2012 \u00e0 11h. &nbsp; Lundi\u00a0 : Mardi : Mercredi : &nbsp; &nbsp;<\/p>\n","protected":false},"author":1,"featured_media":0,"comment_status":"open","ping_status":"open","sticky":false,"template":"","format":"standard","meta":{"om_disable_all_campaigns":false,"_monsterinsights_skip_tracking":false,"_monsterinsights_sitenote_active":false,"_monsterinsights_sitenote_note":"","_monsterinsights_sitenote_category":0,"_uf_show_specific_survey":0,"_uf_disable_surveys":false,"ngg_post_thumbnail":0,"footnotes":""},"categories":[1],"tags":[60,14,69,9],"class_list":["post-1121","post","type-post","status-publish","format-standard","hentry","category-non-classe","tag-60","tag-acri","tag-mosaique","tag-travaux"],"aioseo_notices":[],"_links":{"self":[{"href":"https:\/\/www.libertemh3.fr\/index.php?rest_route=\/wp\/v2\/posts\/1121","targetHints":{"allow":["GET"]}}],"collection":[{"href":"https:\/\/www.libertemh3.fr\/index.php?rest_route=\/wp\/v2\/posts"}],"about":[{"href":"https:\/\/www.libertemh3.fr\/index.php?rest_route=\/wp\/v2\/types\/post"}],"author":[{"embeddable":true,"href":"https:\/\/www.libertemh3.fr\/index.php?rest_route=\/wp\/v2\/users\/1"}],"replies":[{"embeddable":true,"href":"https:\/\/www.libertemh3.fr\/index.php?rest_route=%2Fwp%2Fv2%2Fcomments&post=1121"}],"version-history":[{"count":5,"href":"https:\/\/www.libertemh3.fr\/index.php?rest_route=\/wp\/v2\/posts\/1121\/revisions"}],"predecessor-version":[{"id":1125,"href":"https:\/\/www.libertemh3.fr\/index.php?rest_route=\/wp\/v2\/posts\/1121\/revisions\/1125"}],"wp:attachment":[{"href":"https:\/\/www.libertemh3.fr\/index.php?rest_route=%2Fwp%2Fv2%2Fmedia&parent=1121"}],"wp:term":[{"taxonomy":"category","embeddable":true,"href":"https:\/\/www.libertemh3.fr\/index.php?rest_route=%2Fwp%2Fv2%2Fcategories&post=1121"},{"taxonomy":"post_tag","embeddable":true,"href":"https:\/\/www.libertemh3.fr\/index.php?rest_route=%2Fwp%2Fv2%2Ftags&post=1121"}],"curies":[{"name":"wp","href":"https:\/\/api.w.org\/{rel}","templated":true}]}}