{"id":1104,"date":"2012-07-16T21:01:44","date_gmt":"2012-07-16T20:01:44","guid":{"rendered":"http:\/\/www.libertemh3.fr\/?p=1104"},"modified":"2012-07-16T21:01:44","modified_gmt":"2012-07-16T20:01:44","slug":"fibre-optique-commercialisation","status":"publish","type":"post","link":"https:\/\/www.libertemh3.fr\/?p=1104","title":{"rendered":"FIBRE OPTIQUE : commercialisation"},"content":{"rendered":"<p>La phase de <strong>commercialisation<\/strong> d\u00e9marre le 16 juillet 2012.<\/p>\n<p>Les <strong>travaux<\/strong> <strong>de raccordement<\/strong> ne pourront pas \u00eatre autoris\u00e9 avant le <strong>3 septembre 2012<\/strong>.<\/p>\n<p>Les op\u00e9rateurs devront faire une <strong>demande<\/strong> de travaux (Dossier \u00e0 retirer \u00e0 la loge des gardiens ou aupr\u00e8s du r\u00e9gisseur).<\/p>\n<p>Le respect de la <strong>proc\u00e9dure<\/strong> \u00e9tablie est <strong>imp\u00e9ratif<\/strong>.<\/p>\n<ul>\n<li>En tant que donneur d&#8217;ordre, vous \u00eates <strong>responsable<\/strong> des travaux mal r\u00e9alis\u00e9s par l&#8217;op\u00e9rateur.<\/li>\n<\/ul>\n<p>-&gt;Les frais de remise en \u00e9tat vous serons imput\u00e9s.<\/p>\n<p>&nbsp;<\/p>\n<p><span style=\"text-decoration: underline;\">Int\u00e9ress\u00e9s par la fibre ?<\/span><\/p>\n<p>Contactez l&#8217;op\u00e9rateur que vous souhaitez, et demandez lui s&#8217;il envisage d&#8217;effectuer le raccordement \u00e0 l&#8217;immeuble.<\/p>\n<p>Un doute, une question : <a href=\"https:\/\/www.libertemh3.fr\/wp-content\/uploads\/2009\/04\/admin-libertemh3.jpg\"><img loading=\"lazy\" decoding=\"async\" title=\"admin-libertemh3\" src=\"https:\/\/www.libertemh3.fr\/wp-content\/uploads\/2009\/04\/admin-libertemh3.jpg\" alt=\"\" width=\"190\" height=\"29\" \/><\/a><\/p>\n<p>&nbsp;<\/p>\n<p>Page sp\u00e9ciale fibre : <a href=\"https:\/\/www.libertemh3.fr\/?page_id=1081\" target=\"_blank\">https:\/\/www.libertemh3.fr\/?page_id=1081<\/a><\/p>\n","protected":false},"excerpt":{"rendered":"<p>La phase de commercialisation d\u00e9marre le 16 juillet 2012. Les travaux de raccordement ne pourront pas \u00eatre autoris\u00e9 avant le 3 septembre 2012. Les op\u00e9rateurs devront faire une demande de travaux (Dossier \u00e0 retirer \u00e0 la loge des gardiens ou &hellip; <a href=\"https:\/\/www.libertemh3.fr\/?p=1104\">Continuer la lecture <span class=\"meta-nav\">&rarr;<\/span><\/a><\/p>\n","protected":false},"author":1,"featured_media":0,"comment_status":"open","ping_status":"open","sticky":false,"template":"","format":"standard","meta":{"om_disable_all_campaigns":false,"_monsterinsights_skip_tracking":false,"_monsterinsights_sitenote_active":false,"_monsterinsights_sitenote_note":"","_monsterinsights_sitenote_category":0,"_uf_show_specific_survey":0,"_uf_disable_surveys":false,"ngg_post_thumbnail":0,"footnotes":""},"categories":[1],"tags":[60,65,66,9],"class_list":["post-1104","post","type-post","status-publish","format-standard","hentry","category-non-classe","tag-60","tag-fibre-optique","tag-internet","tag-travaux"],"aioseo_notices":[],"_links":{"self":[{"href":"https:\/\/www.libertemh3.fr\/index.php?rest_route=\/wp\/v2\/posts\/1104","targetHints":{"allow":["GET"]}}],"collection":[{"href":"https:\/\/www.libertemh3.fr\/index.php?rest_route=\/wp\/v2\/posts"}],"about":[{"href":"https:\/\/www.libertemh3.fr\/index.php?rest_route=\/wp\/v2\/types\/post"}],"author":[{"embeddable":true,"href":"https:\/\/www.libertemh3.fr\/index.php?rest_route=\/wp\/v2\/users\/1"}],"replies":[{"embeddable":true,"href":"https:\/\/www.libertemh3.fr\/index.php?rest_route=%2Fwp%2Fv2%2Fcomments&post=1104"}],"version-history":[{"count":2,"href":"https:\/\/www.libertemh3.fr\/index.php?rest_route=\/wp\/v2\/posts\/1104\/revisions"}],"predecessor-version":[{"id":1106,"href":"https:\/\/www.libertemh3.fr\/index.php?rest_route=\/wp\/v2\/posts\/1104\/revisions\/1106"}],"wp:attachment":[{"href":"https:\/\/www.libertemh3.fr\/index.php?rest_route=%2Fwp%2Fv2%2Fmedia&parent=1104"}],"wp:term":[{"taxonomy":"category","embeddable":true,"href":"https:\/\/www.libertemh3.fr\/index.php?rest_route=%2Fwp%2Fv2%2Fcategories&post=1104"},{"taxonomy":"post_tag","embeddable":true,"href":"https:\/\/www.libertemh3.fr\/index.php?rest_route=%2Fwp%2Fv2%2Ftags&post=1104"}],"curies":[{"name":"wp","href":"https:\/\/api.w.org\/{rel}","templated":true}]}}